{"id":78777,"date":"2024-04-23T15:20:37","date_gmt":"2024-04-23T15:20:37","guid":{"rendered":"https:\/\/we-bc.ca\/aleece-laird-amplify-consulting-inc-kamloops\/"},"modified":"2024-08-20T17:39:10","modified_gmt":"2024-08-20T17:39:10","slug":"aleece-laird-amplify-consulting-inc-kamloops","status":"publish","type":"post","link":"https:\/\/we-bc.ca\/fr\/aleece-laird-amplify-consulting-inc-kamloops\/","title":{"rendered":"Aleece Laird, Amplify Consulting Inc., Kamloops"},"content":{"rendered":"\n<p>Apr\u00e8s avoir travaill\u00e9 dans le domaine des communications tout au long de sa carri\u00e8re, Aleece conna\u00eet l\u2019importance d\u2019utiliser les bons mots au bon moment pour partager ce que l\u2019on essaie de communiquer. Souvent, les gens s\u2019empressent de communiquer ou de partager des informations avant d\u2019engager le dialogue avec les autres pour en tirer des informations. Ce concept apparemment simple, mais efficace, est \u00e0 la base de son entreprise.  <\/p>\n\n<p>Aleece a lanc\u00e9 <a href=\"https:\/\/www.amplifyinc.ca\/\" target=\"_blank\" rel=\"noreferrer noopener\">Amplify Consulting<\/a> en 2017, une entreprise sp\u00e9cialis\u00e9e dans l\u2019engagement des parties prenantes et la communication \u00e0 Kamloops, en Colombie-Britannique. Les services d\u2019Amplify aident leurs clients \u00e0 d\u00e9finir leur objectif, \u00e0 clarifier leur message et \u00e0 amplifier leur impact.  <\/p>\n\n<p>Aleece a trouv\u00e9 le <a href=\"https:\/\/we-bc.ca\/fr\/ce-que-nous-proposons\/mentorat\/programme-de-mentorat-par-les-pairs-pour-la-croissance\/\">programme de mentorat de croissance par les pairs de WeBC<\/a> en recherchant des moyens de r\u00e9seauter avec d\u2019autres entrepreneuses. Elle a \u00e9t\u00e9 attir\u00e9e par l\u2019id\u00e9e d\u2019apprendre des femmes qui avaient plus d\u2019exp\u00e9rience et de pouvoir rendre la pareille \u00e0 celles qui venaient de d\u00e9marrer. <\/p>\n\n<p>Tout au long du programme, Aleece s\u2019est retrouv\u00e9e au sein d\u2019un groupe diversifi\u00e9 de femmes issues de secteurs d\u2019activit\u00e9 et de niveaux d\u2019exp\u00e9rience vari\u00e9s. Malgr\u00e9 leurs diff\u00e9rences, elles partageaient toutes les m\u00eames d\u00e9fis en mati\u00e8re d\u2019entreprise. Aleece a appr\u00e9ci\u00e9 la transparence et l\u2019ouverture de ses pairs, qui ont partag\u00e9 leurs exp\u00e9riences et leurs conseils au cours des s\u00e9ances.  <\/p>\n\n<p>Aleece a trouv\u00e9 le programme tr\u00e8s utile, lui apportant des id\u00e9es pratiques, le soutien de ses pairs et un nouveau sentiment de camaraderie au cours de son parcours entrepreneurial. <\/p>\n\n<h2 class=\"wp-block-heading\"><strong>Questions et r\u00e9ponses des clients<\/strong><\/h2>\n\n<h3 class=\"wp-block-heading\"><strong>Q : Parlez-nous<\/strong> <a href=\"https:\/\/www.amplifyinc.ca\/\" target=\"_blank\" rel=\"noreferrer noopener\"><strong>d\u2019Amplify<\/strong><\/a> <strong>et des services que vous proposez.<\/strong><\/h3>\n\n<p><strong>A:<\/strong> Nous nous occupons de l\u2019engagement des parties prenantes et mettons en \u0153uvre des strat\u00e9gies de communication, des relations publiques et des communications de crise pour nos clients. Tous ces services aident nos clients \u00e0 clarifier leur message afin d\u2019amplifier leur impact aupr\u00e8s de leur public. <\/p>\n\n<p>A : Nous nous occupons de l\u2019engagement des parties prenantes et mettons en \u0153uvre des strat\u00e9gies de communication, des relations publiques et des communications de crise pour nos clients. Tous ces services aident nos clients \u00e0 clarifier leur message afin d\u2019amplifier leur impact aupr\u00e8s de leur public. <\/p>\n\n<figure class=\"wp-block-image is-resized\"><img decoding=\"async\" src=\"https:\/\/lh7-us.googleusercontent.com\/4cpyDYQuu7HzdELcThNY9T9nCn8Px3n2d2EYGrQOBpyoMgtDazZHviebEtiLz_Fb1-qtfFvG9jBoaTSvxrV82DPRHRNEuxyk35qR6-bhO5tL22SinMzKm8Yx4Dt-eplOQjnF7Js436yvdF1xF5ZcTg\" alt=\"\" style=\"width:688px;height:auto\"\/ loading=\"lazy\"><figcaption class=\"wp-element-caption\">L&rsquo;\u00e9quipe Amplify (de gauche \u00e0 droite en bas) Valeria Molina, Amy Cline, Priyanka Ketkar (de gauche \u00e0 droite en haut) Aleece Laird et Kimberlee Baggio<br\/><br\/>Cr\u00e9dit photo : Tiffany Christianson Photography<\/figcaption><\/figure>\n\n<h3 class=\"wp-block-heading\"><strong>Q : Amplify s\u2019engage-t-il aupr\u00e8s de votre communaut\u00e9?<\/strong><\/h3>\n\n<p><strong>A :<\/strong> Oui! L\u2019une des choses que nous faisons r\u00e9guli\u00e8rement en tant qu\u2019entreprise est l\u2019Amplifriday (vendredi de l\u2019amplification). Chaque vendredi, nous mettons en lumi\u00e8re une personne remarquable qui a un impact sur sa communaut\u00e9 via <a href=\"\" target=\"\" rel=\"noopener\">le site Web d\u2019Amplfriday<\/a> et nos canaux de m\u00e9dias sociaux, puis nous faisons un don de 100 dollars \u00e0 une organisation caritative \u00e0 but non lucratif de son choix afin d\u2019amplifier encore son impact. Jusqu\u2019\u00e0 pr\u00e9sent, nous avons fait don de plus de 10 000 dollars \u00e0 des organisations caritatives.   <\/p>\n\n<p>Nous avons commenc\u00e9 cette activit\u00e9 en 2018 comme un moyen de rendre la pareille \u00e0 la communaut\u00e9, et la reconnaissance que les organismes de bienfaisance obtiennent \u00e9galement gr\u00e2ce \u00e0 cela a \u00e9t\u00e9 significative. C\u2019est une v\u00e9ritable b\u00e9n\u00e9diction de pouvoir ainsi rendre \u00e0 la communaut\u00e9 ce qu\u2019elle nous a donn\u00e9. <\/p>\n\n<h3 class=\"wp-block-heading\"><strong>Q : <\/strong>Qu\u2019est-ce qui vous a donn\u00e9 envie de rejoindre le <a href=\"https:\/\/we-bc.ca\/fr\/ce-que-nous-proposons\/mentorat\/programme-de-mentorat-par-les-pairs-pour-la-croissance\/\"><strong>programme de mentorat de croissance par les pairs de WeBC<\/strong><\/a><strong>?<\/strong><\/h3>\n\n<p>A : Le programme m\u2019int\u00e9ressait pour deux raisons. Je savais qu\u2019il y aurait des femmes qui avaient plus d\u2019exp\u00e9rience que moi et je voulais apprendre de femmes qui avaient fait face \u00e0 des d\u00e9fis similaires. <\/p>\n\n<p>C\u2019\u00e9tait aussi l\u2019occasion de rendre service \u00e0 des femmes qui \u00e9taient en train de d\u00e9marrer leur entreprise. Je voulais \u00eatre capable d\u2019apporter ma pierre \u00e0 l\u2019\u00e9difice. J\u2019aime apprendre des autres, mais je pense aussi qu\u2019il est important de rendre la pareille.   <\/p>\n\n<h3 class=\"wp-block-heading\"><strong>Q : Pouvez-vous nous faire part des le\u00e7ons particuli\u00e8res que vous avez tir\u00e9es du programme?<\/strong><\/h3>\n\n<p><strong>A :<\/strong> Je me suis rendu compte que nous avons toutes les m\u00eames d\u00e9fis \u00e0 relever et cela m\u2019a donn\u00e9 du courage. J\u2019ai eu l\u2019occasion de participer \u00e0 des appels avec des femmes qui \u00e9taient tr\u00e8s ouvertes sur les difficult\u00e9s qu\u2019elles rencontraient. Parfois, en tant qu\u2019entrepreneuses, on a l\u2019impression d\u2019avoir un d\u00e9fi \u00e0 relever et on pense que ce d\u00e9fi est unique, mais le programme m\u2019a aid\u00e9e \u00e0 r\u00e9aliser que certains de ces d\u00e9fis sont communs \u00e0 tous. Cela m\u2019a rassur\u00e9e.  <\/p>\n\n<p>Je pense que beaucoup d\u2019entrepreneuses placent la barre tr\u00e8s haut pour elles-m\u00eames et se soumettent \u00e0 des normes tr\u00e8s strictes. Cela m\u2019a rappel\u00e9 que je peux aspirer \u00e0 l\u2019excellence, mais que je dois aussi essayer d\u2019\u00eatre plus douce avec moi-m\u00eame et de m\u2019accorder un peu de gr\u00e2ce. <\/p>\n\n<figure class=\"wp-block-image\"><img decoding=\"async\" src=\"https:\/\/lh7-us.googleusercontent.com\/GceBvZ1uGsFlY3e0Zk1atp4pYVCbfpdi_SbEdoJnCZ6ycAEwhQm-QE1ciICW3hI3l4KJWtDM6e0LmUaXWfuO1QZ6BrPqmRsqqQoUGTqA6tp0cZnaZ5A2bcz8jkMD8XbiFBJZ5m2h5FbtzkZ83PgHxQ\" alt=\"\"\/ loading=\"lazy\"><figcaption class=\"wp-element-caption\">Discours de communication de crise<br\/><br\/>Cr\u00e9dit photo : Orenda Films<\/figcaption><\/figure>\n\n<h2 class=\"wp-block-heading\"><strong>O\u00f9 trouver Amplify Consulting Inc.<\/strong><\/h2>\n\n<p><a href=\"https:\/\/www.amplifyinc.ca\/\" target=\"_blank\" rel=\"noreferrer noopener\">Site web<\/a><\/p>\n\n<p><a href=\"https:\/\/www.linkedin.com\/company\/amplifyconsultinginc\/\" target=\"_blank\" rel=\"noreferrer noopener\">LinkedIn<\/a><\/p>\n\n<p><a href=\"https:\/\/www.instagram.com\/amplifyconsulting\" target=\"_blank\" rel=\"noreferrer noopener\">Instagram<\/a><\/p>\n","protected":false},"excerpt":{"rendered":"<p>Apr\u00e8s avoir travaill\u00e9 dans le domaine des communications tout au long de sa carri\u00e8re, Aleece conna\u00eet l\u2019importance d\u2019utiliser les bons mots au bon moment pour partager ce que l\u2019on essaie [&hellip;]<\/p>\n","protected":false},"author":1,"featured_media":75437,"comment_status":"closed","ping_status":"closed","sticky":false,"template":"","format":"standard","meta":{"_acf_changed":false,"footnotes":""},"categories":[1624,1623,1625],"tags":[1258,1445],"location":[1626],"class_list":["post-78777","post","type-post","status-publish","format-standard","has-post-thumbnail","hentry","category-community-stories","category-mentees-fr","category-success-stories-fr","tag-femmes-entrepreneurs","tag-kamloops-fr","location-kamloops-fr"],"acf":[],"yoast_head":"<!-- This site is optimized with the Yoast SEO plugin v27.4 - https:\/\/yoast.com\/product\/yoast-seo-wordpress\/ -->\n<title>Aleece Laird, Amplify Consulting Inc., Kamloops - WeBC<\/title>\n<meta name=\"robots\" content=\"index, follow, max-snippet:-1, max-image-preview:large, max-video-preview:-1\" \/>\n<link rel=\"canonical\" href=\"https:\/\/we-bc.ca\/fr\/aleece-laird-amplify-consulting-inc-kamloops\/\" \/>\n<meta property=\"og:locale\" content=\"fr_FR\" \/>\n<meta property=\"og:type\" content=\"article\" \/>\n<meta property=\"og:title\" content=\"Aleece Laird, Amplify Consulting Inc., Kamloops - WeBC\" \/>\n<meta property=\"og:description\" content=\"Apr\u00e8s avoir travaill\u00e9 dans le domaine des communications tout au long de sa carri\u00e8re, Aleece conna\u00eet l\u2019importance d\u2019utiliser les bons mots au bon moment pour partager ce que l\u2019on essaie [&hellip;]\" \/>\n<meta property=\"og:url\" content=\"https:\/\/we-bc.ca\/fr\/aleece-laird-amplify-consulting-inc-kamloops\/\" \/>\n<meta property=\"og:site_name\" content=\"WeBC\" \/>\n<meta property=\"article:published_time\" content=\"2024-04-23T15:20:37+00:00\" \/>\n<meta property=\"article:modified_time\" content=\"2024-08-20T17:39:10+00:00\" \/>\n<meta property=\"og:image\" content=\"https:\/\/we-bc.ca\/wp-content\/uploads\/2024\/04\/Dyana-Biagi-2.png\" \/>\n\t<meta property=\"og:image:width\" content=\"1920\" \/>\n\t<meta property=\"og:image:height\" content=\"1080\" \/>\n\t<meta property=\"og:image:type\" content=\"image\/png\" \/>\n<meta name=\"author\" content=\"WeBC\" \/>\n<meta name=\"twitter:card\" content=\"summary_large_image\" \/>\n<meta name=\"twitter:label1\" content=\"\u00c9crit par\" \/>\n\t<meta name=\"twitter:data1\" content=\"WeBC\" \/>\n\t<meta name=\"twitter:label2\" content=\"Dur\u00e9e de lecture estim\u00e9e\" \/>\n\t<meta name=\"twitter:data2\" content=\"4 minutes\" \/>\n<script type=\"application\/ld+json\" class=\"yoast-schema-graph\">{\"@context\":\"https:\\\/\\\/schema.org\",\"@graph\":[{\"@type\":\"Article\",\"@id\":\"https:\\\/\\\/we-bc.ca\\\/fr\\\/aleece-laird-amplify-consulting-inc-kamloops\\\/#article\",\"isPartOf\":{\"@id\":\"https:\\\/\\\/we-bc.ca\\\/fr\\\/aleece-laird-amplify-consulting-inc-kamloops\\\/\"},\"author\":{\"name\":\"WeBC\",\"@id\":\"https:\\\/\\\/we-bc.ca\\\/fr\\\/#\\\/schema\\\/person\\\/a39ccc1bd99591784a83e6571a3cee69\"},\"headline\":\"Aleece Laird, Amplify Consulting Inc., Kamloops\",\"datePublished\":\"2024-04-23T15:20:37+00:00\",\"dateModified\":\"2024-08-20T17:39:10+00:00\",\"mainEntityOfPage\":{\"@id\":\"https:\\\/\\\/we-bc.ca\\\/fr\\\/aleece-laird-amplify-consulting-inc-kamloops\\\/\"},\"wordCount\":867,\"image\":{\"@id\":\"https:\\\/\\\/we-bc.ca\\\/fr\\\/aleece-laird-amplify-consulting-inc-kamloops\\\/#primaryimage\"},\"thumbnailUrl\":\"https:\\\/\\\/we-bc.ca\\\/wp-content\\\/uploads\\\/2024\\\/04\\\/Dyana-Biagi-2.png\",\"keywords\":[\"femmes entrepreneurs\",\"kamloops\"],\"articleSection\":[\"Community Stories\",\"Mentees\",\"Success Stories\"],\"inLanguage\":\"fr-FR\"},{\"@type\":\"WebPage\",\"@id\":\"https:\\\/\\\/we-bc.ca\\\/fr\\\/aleece-laird-amplify-consulting-inc-kamloops\\\/\",\"url\":\"https:\\\/\\\/we-bc.ca\\\/fr\\\/aleece-laird-amplify-consulting-inc-kamloops\\\/\",\"name\":\"Aleece Laird, Amplify Consulting Inc., Kamloops - WeBC\",\"isPartOf\":{\"@id\":\"https:\\\/\\\/we-bc.ca\\\/fr\\\/#website\"},\"primaryImageOfPage\":{\"@id\":\"https:\\\/\\\/we-bc.ca\\\/fr\\\/aleece-laird-amplify-consulting-inc-kamloops\\\/#primaryimage\"},\"image\":{\"@id\":\"https:\\\/\\\/we-bc.ca\\\/fr\\\/aleece-laird-amplify-consulting-inc-kamloops\\\/#primaryimage\"},\"thumbnailUrl\":\"https:\\\/\\\/we-bc.ca\\\/wp-content\\\/uploads\\\/2024\\\/04\\\/Dyana-Biagi-2.png\",\"datePublished\":\"2024-04-23T15:20:37+00:00\",\"dateModified\":\"2024-08-20T17:39:10+00:00\",\"author\":{\"@id\":\"https:\\\/\\\/we-bc.ca\\\/fr\\\/#\\\/schema\\\/person\\\/a39ccc1bd99591784a83e6571a3cee69\"},\"breadcrumb\":{\"@id\":\"https:\\\/\\\/we-bc.ca\\\/fr\\\/aleece-laird-amplify-consulting-inc-kamloops\\\/#breadcrumb\"},\"inLanguage\":\"fr-FR\",\"potentialAction\":[{\"@type\":\"ReadAction\",\"target\":[\"https:\\\/\\\/we-bc.ca\\\/fr\\\/aleece-laird-amplify-consulting-inc-kamloops\\\/\"]}]},{\"@type\":\"ImageObject\",\"inLanguage\":\"fr-FR\",\"@id\":\"https:\\\/\\\/we-bc.ca\\\/fr\\\/aleece-laird-amplify-consulting-inc-kamloops\\\/#primaryimage\",\"url\":\"https:\\\/\\\/we-bc.ca\\\/wp-content\\\/uploads\\\/2024\\\/04\\\/Dyana-Biagi-2.png\",\"contentUrl\":\"https:\\\/\\\/we-bc.ca\\\/wp-content\\\/uploads\\\/2024\\\/04\\\/Dyana-Biagi-2.png\",\"width\":1920,\"height\":1080,\"caption\":\"Aleece Laird\"},{\"@type\":\"BreadcrumbList\",\"@id\":\"https:\\\/\\\/we-bc.ca\\\/fr\\\/aleece-laird-amplify-consulting-inc-kamloops\\\/#breadcrumb\",\"itemListElement\":[{\"@type\":\"ListItem\",\"position\":1,\"name\":\"Home\",\"item\":\"https:\\\/\\\/we-bc.ca\\\/fr\\\/\"},{\"@type\":\"ListItem\",\"position\":2,\"name\":\"Aleece Laird, Amplify Consulting Inc., Kamloops\"}]},{\"@type\":\"WebSite\",\"@id\":\"https:\\\/\\\/we-bc.ca\\\/fr\\\/#website\",\"url\":\"https:\\\/\\\/we-bc.ca\\\/fr\\\/\",\"name\":\"WeBC\",\"description\":\"Supporting Women Entrepreneurs in BC\",\"potentialAction\":[{\"@type\":\"SearchAction\",\"target\":{\"@type\":\"EntryPoint\",\"urlTemplate\":\"https:\\\/\\\/we-bc.ca\\\/fr\\\/?s={search_term_string}\"},\"query-input\":{\"@type\":\"PropertyValueSpecification\",\"valueRequired\":true,\"valueName\":\"search_term_string\"}}],\"inLanguage\":\"fr-FR\"},{\"@type\":\"Person\",\"@id\":\"https:\\\/\\\/we-bc.ca\\\/fr\\\/#\\\/schema\\\/person\\\/a39ccc1bd99591784a83e6571a3cee69\",\"name\":\"WeBC\",\"image\":{\"@type\":\"ImageObject\",\"inLanguage\":\"fr-FR\",\"@id\":\"https:\\\/\\\/we-bc.ca\\\/wp-content\\\/uploads\\\/2021\\\/11\\\/logo-main-96x96.png\",\"url\":\"https:\\\/\\\/we-bc.ca\\\/wp-content\\\/uploads\\\/2021\\\/11\\\/logo-main-96x96.png\",\"contentUrl\":\"https:\\\/\\\/we-bc.ca\\\/wp-content\\\/uploads\\\/2021\\\/11\\\/logo-main-96x96.png\",\"caption\":\"WeBC\"},\"description\":\"WeBC is a not-for-profit that has been supporting women business owners across the province for over 25 years. Working with our regional partners, we\u2019ve provided thousands of entrepreneurs with business loans and expertise, training, resources, and peer network support to help businesses grow and thrive.\",\"sameAs\":[\"https:\\\/\\\/we-bc.ca\"],\"url\":\"https:\\\/\\\/we-bc.ca\\\/fr\\\/author\\\/webc_admin\\\/\"}]}<\/script>\n<!-- \/ Yoast SEO plugin. -->","yoast_head_json":{"title":"Aleece Laird, Amplify Consulting Inc., Kamloops - WeBC","robots":{"index":"index","follow":"follow","max-snippet":"max-snippet:-1","max-image-preview":"max-image-preview:large","max-video-preview":"max-video-preview:-1"},"canonical":"https:\/\/we-bc.ca\/fr\/aleece-laird-amplify-consulting-inc-kamloops\/","og_locale":"fr_FR","og_type":"article","og_title":"Aleece Laird, Amplify Consulting Inc., Kamloops - WeBC","og_description":"Apr\u00e8s avoir travaill\u00e9 dans le domaine des communications tout au long de sa carri\u00e8re, Aleece conna\u00eet l\u2019importance d\u2019utiliser les bons mots au bon moment pour partager ce que l\u2019on essaie [&hellip;]","og_url":"https:\/\/we-bc.ca\/fr\/aleece-laird-amplify-consulting-inc-kamloops\/","og_site_name":"WeBC","article_published_time":"2024-04-23T15:20:37+00:00","article_modified_time":"2024-08-20T17:39:10+00:00","og_image":[{"width":1920,"height":1080,"url":"https:\/\/we-bc.ca\/wp-content\/uploads\/2024\/04\/Dyana-Biagi-2.png","type":"image\/png"}],"author":"WeBC","twitter_card":"summary_large_image","twitter_misc":{"\u00c9crit par":"WeBC","Dur\u00e9e de lecture estim\u00e9e":"4 minutes"},"schema":{"@context":"https:\/\/schema.org","@graph":[{"@type":"Article","@id":"https:\/\/we-bc.ca\/fr\/aleece-laird-amplify-consulting-inc-kamloops\/#article","isPartOf":{"@id":"https:\/\/we-bc.ca\/fr\/aleece-laird-amplify-consulting-inc-kamloops\/"},"author":{"name":"WeBC","@id":"https:\/\/we-bc.ca\/fr\/#\/schema\/person\/a39ccc1bd99591784a83e6571a3cee69"},"headline":"Aleece Laird, Amplify Consulting Inc., Kamloops","datePublished":"2024-04-23T15:20:37+00:00","dateModified":"2024-08-20T17:39:10+00:00","mainEntityOfPage":{"@id":"https:\/\/we-bc.ca\/fr\/aleece-laird-amplify-consulting-inc-kamloops\/"},"wordCount":867,"image":{"@id":"https:\/\/we-bc.ca\/fr\/aleece-laird-amplify-consulting-inc-kamloops\/#primaryimage"},"thumbnailUrl":"https:\/\/we-bc.ca\/wp-content\/uploads\/2024\/04\/Dyana-Biagi-2.png","keywords":["femmes entrepreneurs","kamloops"],"articleSection":["Community Stories","Mentees","Success Stories"],"inLanguage":"fr-FR"},{"@type":"WebPage","@id":"https:\/\/we-bc.ca\/fr\/aleece-laird-amplify-consulting-inc-kamloops\/","url":"https:\/\/we-bc.ca\/fr\/aleece-laird-amplify-consulting-inc-kamloops\/","name":"Aleece Laird, Amplify Consulting Inc., Kamloops - WeBC","isPartOf":{"@id":"https:\/\/we-bc.ca\/fr\/#website"},"primaryImageOfPage":{"@id":"https:\/\/we-bc.ca\/fr\/aleece-laird-amplify-consulting-inc-kamloops\/#primaryimage"},"image":{"@id":"https:\/\/we-bc.ca\/fr\/aleece-laird-amplify-consulting-inc-kamloops\/#primaryimage"},"thumbnailUrl":"https:\/\/we-bc.ca\/wp-content\/uploads\/2024\/04\/Dyana-Biagi-2.png","datePublished":"2024-04-23T15:20:37+00:00","dateModified":"2024-08-20T17:39:10+00:00","author":{"@id":"https:\/\/we-bc.ca\/fr\/#\/schema\/person\/a39ccc1bd99591784a83e6571a3cee69"},"breadcrumb":{"@id":"https:\/\/we-bc.ca\/fr\/aleece-laird-amplify-consulting-inc-kamloops\/#breadcrumb"},"inLanguage":"fr-FR","potentialAction":[{"@type":"ReadAction","target":["https:\/\/we-bc.ca\/fr\/aleece-laird-amplify-consulting-inc-kamloops\/"]}]},{"@type":"ImageObject","inLanguage":"fr-FR","@id":"https:\/\/we-bc.ca\/fr\/aleece-laird-amplify-consulting-inc-kamloops\/#primaryimage","url":"https:\/\/we-bc.ca\/wp-content\/uploads\/2024\/04\/Dyana-Biagi-2.png","contentUrl":"https:\/\/we-bc.ca\/wp-content\/uploads\/2024\/04\/Dyana-Biagi-2.png","width":1920,"height":1080,"caption":"Aleece Laird"},{"@type":"BreadcrumbList","@id":"https:\/\/we-bc.ca\/fr\/aleece-laird-amplify-consulting-inc-kamloops\/#breadcrumb","itemListElement":[{"@type":"ListItem","position":1,"name":"Home","item":"https:\/\/we-bc.ca\/fr\/"},{"@type":"ListItem","position":2,"name":"Aleece Laird, Amplify Consulting Inc., Kamloops"}]},{"@type":"WebSite","@id":"https:\/\/we-bc.ca\/fr\/#website","url":"https:\/\/we-bc.ca\/fr\/","name":"WeBC","description":"Supporting Women Entrepreneurs in BC","potentialAction":[{"@type":"SearchAction","target":{"@type":"EntryPoint","urlTemplate":"https:\/\/we-bc.ca\/fr\/?s={search_term_string}"},"query-input":{"@type":"PropertyValueSpecification","valueRequired":true,"valueName":"search_term_string"}}],"inLanguage":"fr-FR"},{"@type":"Person","@id":"https:\/\/we-bc.ca\/fr\/#\/schema\/person\/a39ccc1bd99591784a83e6571a3cee69","name":"WeBC","image":{"@type":"ImageObject","inLanguage":"fr-FR","@id":"https:\/\/we-bc.ca\/wp-content\/uploads\/2021\/11\/logo-main-96x96.png","url":"https:\/\/we-bc.ca\/wp-content\/uploads\/2021\/11\/logo-main-96x96.png","contentUrl":"https:\/\/we-bc.ca\/wp-content\/uploads\/2021\/11\/logo-main-96x96.png","caption":"WeBC"},"description":"WeBC is a not-for-profit that has been supporting women business owners across the province for over 25 years. Working with our regional partners, we\u2019ve provided thousands of entrepreneurs with business loans and expertise, training, resources, and peer network support to help businesses grow and thrive.","sameAs":["https:\/\/we-bc.ca"],"url":"https:\/\/we-bc.ca\/fr\/author\/webc_admin\/"}]}},"_links":{"self":[{"href":"https:\/\/we-bc.ca\/fr\/wp-json\/wp\/v2\/posts\/78777","targetHints":{"allow":["GET"]}}],"collection":[{"href":"https:\/\/we-bc.ca\/fr\/wp-json\/wp\/v2\/posts"}],"about":[{"href":"https:\/\/we-bc.ca\/fr\/wp-json\/wp\/v2\/types\/post"}],"author":[{"embeddable":true,"href":"https:\/\/we-bc.ca\/fr\/wp-json\/wp\/v2\/users\/1"}],"replies":[{"embeddable":true,"href":"https:\/\/we-bc.ca\/fr\/wp-json\/wp\/v2\/comments?post=78777"}],"version-history":[{"count":0,"href":"https:\/\/we-bc.ca\/fr\/wp-json\/wp\/v2\/posts\/78777\/revisions"}],"wp:featuredmedia":[{"embeddable":true,"href":"https:\/\/we-bc.ca\/fr\/wp-json\/wp\/v2\/media\/75437"}],"wp:attachment":[{"href":"https:\/\/we-bc.ca\/fr\/wp-json\/wp\/v2\/media?parent=78777"}],"wp:term":[{"taxonomy":"category","embeddable":true,"href":"https:\/\/we-bc.ca\/fr\/wp-json\/wp\/v2\/categories?post=78777"},{"taxonomy":"post_tag","embeddable":true,"href":"https:\/\/we-bc.ca\/fr\/wp-json\/wp\/v2\/tags?post=78777"},{"taxonomy":"location","embeddable":true,"href":"https:\/\/we-bc.ca\/fr\/wp-json\/wp\/v2\/location?post=78777"}],"curies":[{"name":"wp","href":"https:\/\/api.w.org\/{rel}","templated":true}]}}