{"id":78804,"date":"2024-03-06T23:23:55","date_gmt":"2024-03-06T23:23:55","guid":{"rendered":"https:\/\/we-bc.ca\/jillian-bagan-jillian-bagan-art-therapy-vancouver\/"},"modified":"2024-08-20T18:37:27","modified_gmt":"2024-08-20T18:37:27","slug":"jillian-bagan-jillian-bagan-art-therapy-vancouver","status":"publish","type":"post","link":"https:\/\/we-bc.ca\/fr\/jillian-bagan-jillian-bagan-art-therapy-vancouver\/","title":{"rendered":"Jillian Bagan, Jillian Bagan Art Therapy, Vancouver"},"content":{"rendered":"\n<p>L\u2019amour de Jillian Bagan pour l\u2019art, qui a commenc\u00e9 \u00e0 l\u2019\u00e9cole secondaire comme m\u00e9canisme permettant de faire face aux p\u00e9riodes difficiles, lui a permis de cr\u00e9er un monde qui refl\u00e9tait son \u00eatre authentique. Alors qu\u2019elle poursuivait des \u00e9tudes en beaux-arts, Jillian a d\u00e9couvert l\u2019art-th\u00e9rapie, ce qui l\u2019a incit\u00e9e \u00e0 poursuivre ses \u00e9tudes pour obtenir une ma\u00eetrise et un dipl\u00f4me de troisi\u00e8me cycle. Consciente de l\u2019importance de cr\u00e9er un espace adapt\u00e9 aux besoins de la communaut\u00e9 queer, Jillian a ouvert son cabinet pour proposer une art-th\u00e9rapie fond\u00e9e sur l\u2019affirmation de soi. C\u2019est ainsi qu\u2019est n\u00e9e <a href=\"https:\/\/www.jillianbaganarttherapy.com\/\" target=\"_blank\" rel=\"noreferrer noopener\">Jillian Bagan Art Therapy<\/a>.   <\/p>\n\n<p>Conseill\u00e8re clinique agr\u00e9\u00e9e, Jillian propose des s\u00e9ances d\u2019art-th\u00e9rapie et de conseil en ligne pour les jeunes et les adultes queers. La composante artistique de leurs s\u00e9ances sert d\u2019outil de gu\u00e9rison et d\u2019exploration, permettant aux clients d\u2019exprimer leurs sentiments, de partager des r\u00e9cits et de relever des d\u00e9fis par le biais de supports visuels. Jillian s\u2019est engag\u00e9e \u00e0 cr\u00e9er un espace s\u00fbr pour la gu\u00e9rison au sein de la communaut\u00e9 queer.  <\/p>\n\n<blockquote class=\"wp-block-quote is-layout-flow wp-block-quote-is-layout-flow\">\n<p><em>\u00ab\u00a0Il est tr\u00e8s important pour moi qu\u2019il y ait une th\u00e9rapie queer affirmative disponible pour la communaut\u00e9 queer. C\u2019est pourquoi il est tr\u00e8s important pour moi d\u2019avoir ma propre entreprise qui me permette de me concentrer sur cet aspect et c\u2019est la raison pour laquelle je suis devenue propri\u00e9taire d\u2019une entreprise.\u00a0\u00bb<\/em><\/p>\n<\/blockquote>\n<div class=\"wp-block-image\">\n<figure class=\"aligncenter\"><img decoding=\"async\" width=\"1080\" height=\"1350\" src=\"https:\/\/we-bc.ca\/wp-content\/uploads\/2024\/03\/image.jpeg\" alt=\"\" class=\"wp-image-73940\"\/ loading=\"lazy\" srcset=\"https:\/\/we-bc.ca\/wp-content\/uploads\/2024\/03\/image.jpeg 1080w, https:\/\/we-bc.ca\/wp-content\/uploads\/2024\/03\/image-184x230.jpeg 184w, https:\/\/we-bc.ca\/wp-content\/uploads\/2024\/03\/image-320x400.jpeg 320w, https:\/\/we-bc.ca\/wp-content\/uploads\/2024\/03\/image-768x960.jpeg 768w, https:\/\/we-bc.ca\/wp-content\/uploads\/2024\/03\/image-600x750.jpeg 600w\" sizes=\"auto, (max-width: 1080px) 100vw, 1080px\" \/><\/figure>\n<\/div>\n<p>Jillian a d\u00e9couvert WeBC gr\u00e2ce \u00e0 sa banque, Vancity, qui l\u2019a encourag\u00e9e \u00e0 demander un pr\u00eat aux entreprises lorsqu\u2019elle d\u00e9marrait son entreprise. Se sentant favorablement accueillie par les valeurs et le soutien de WeBC, Jillian s\u2019est inscrite au <a href=\"https:\/\/we-bc.ca\/fr\/ce-que-nous-proposons\/mentorat\/mentorat-individuel\/\">programme de mentorat individuel<\/a> pour obtenir des conseils, discuter d\u2019id\u00e9es d\u2019entreprise et se familiariser avec les outils n\u00e9cessaires \u00e0 une gestion efficace de l\u2019entreprise. <\/p>\n\n<p>Sa mentore travaillait dans le domaine du coaching et a pu apporter un point de vue nouveau, cr\u00e9ant ainsi un parall\u00e8le avec la th\u00e9rapie. Jillian a pu appr\u00e9cier la responsabilit\u00e9 externe, car elle l\u2019a aid\u00e9e \u00e0 mettre en \u0153uvre des strat\u00e9gies de mani\u00e8re efficace et \u00e0 essayer de nouveaux outils de gestion du temps.  <\/p>\n\n<p>Gr\u00e2ce \u00e0 cette exp\u00e9rience positive, Jillian envisage maintenant de participer au <a href=\"https:\/\/we-bc.ca\/fr\/ce-que-nous-proposons\/mentorat\/programme-de-mentorat-par-les-pairs-pour-la-croissance\/\">programme de mentorat par les pairs de WeBC<\/a> et garde un \u0153il sur les programmes \u00e0 venir afin d\u2019am\u00e9liorer davantage ses comp\u00e9tences entrepreneuriales. Elle est reconnaissante envers des ressources telles que WeBC qui soutiennent les nouvelles chefs d\u2019entreprise et leur fournissent des outils pour r\u00e9ussir.  <\/p>\n\n<h2 class=\"wp-block-heading\"><strong>Questions et r\u00e9ponses des clients<\/strong><\/h2>\n\n<h3 class=\"wp-block-heading\"><strong>Q : Qu\u2019est-ce que l\u2019art-th\u00e9rapie et comment aide-t-elle vos clients?<\/strong><\/h3>\n\n<p><strong>A :<\/strong> Lorsque j\u2019ai entendu parler de l\u2019art-th\u00e9rapie, j\u2019ai tout de suite senti une sorte de d\u00e9clic. Je me suis dit qu\u2019il serait formidable de permettre aux gens d\u2019utiliser l\u2019art pour gu\u00e9rir et faire face aux difficult\u00e9s qu\u2019ils rencontrent.  <\/p>\n\n<p>Dans mes s\u00e9ances, l\u2019art est utilis\u00e9 comme un outil d\u2019exploration pour aider les clients \u00e0 mieux comprendre ce qui se passe dans leur monde. Ils disposent d\u2019un ensemble de mat\u00e9riel artistique \u00e0 utiliser lors de nos s\u00e9ances pour mieux exprimer ce qui leur arrive, en particulier lorsqu\u2019il leur est difficile de mettre des mots pour l\u2019exprimer.  <\/p>\n\n<p>J\u2019encourage toujours les clients \u00e0 faire de l\u2019art pendant au moins 10 minutes, car cela peut faire baisser le cortisol, qui est une hormone de stress, dans leur corps apr\u00e8s avoir concentr\u00e9 leur attention sur l\u2019art. Ce qu\u2019ils cr\u00e9ent leur permet de mieux appr\u00e9hender les \u00e9v\u00e9nements \u00e0 venir et nous regardons le travail artistique ensemble. Une gu\u00e9rison remarquable peut se produire gr\u00e2ce \u00e0 l\u2019art et c\u2019est un v\u00e9ritable privil\u00e8ge d\u2019offrir un espace s\u00fbr pour leur processus de gu\u00e9rison.  <\/p>\n\n<h3 class=\"wp-block-heading\"><strong>Q : Comment le<\/strong> <a href=\"https:\/\/we-bc.ca\/fr\/ce-que-nous-proposons\/mentorat\/mentorat-individuel\/\"><strong>programme de mentorat de WeBC<\/strong><\/a> <strong>a-t-il soutenu la croissance de votre entreprise?<\/strong> <\/h3>\n\n<p><strong>A :<\/strong> En travaillant avec ma mentore, il \u00e9tait agr\u00e9able d\u2019avoir une autre personne avec qui l\u2019on pouvait \u00e9changer des id\u00e9es et qui offrait une nouvelle perspective, en particulier parce que je g\u00e8re mon entreprise seule. Il y avait des choses que je voulais essayer et cela m\u2019a pouss\u00e9 \u00e0 prendre des risques et \u00e0 franchir des \u00e9tapes qui me faisaient peur. <\/p>\n\n<p>Ma mentore m\u2019a donn\u00e9 des outils et des conseils pour mieux g\u00e9rer mon temps, de nouvelles fa\u00e7ons d\u2019aborder les probl\u00e8mes, et m\u2019a montr\u00e9 comment \u00eatre plus consciente de ce \u00e0 quoi je consacre mon temps. J\u2019ai beaucoup aim\u00e9 avoir une personne qui me demande des comptes, ce qui m\u2019a \u00e9t\u00e9 d\u2019une grande aide.  <\/p>\n\n<h3 class=\"wp-block-heading\"><strong>Q : Si vous deviez donner un conseil \u00e0 quelqu\u2019un qui d\u00e9marre son entreprise, quel serait-il?<\/strong><\/h3>\n\n<p>A : Je dirais qu\u2019il faut saisir toutes les occasions qui se pr\u00e9sentent \u00e0 vous lorsque vous d\u00e9butez, surtout lorsqu\u2019il s\u2019agit de la promotion de votre entreprise. Il est tr\u00e8s important de faire en sorte que votre travail soit visible. <\/p>\n\n<p>N\u2019oubliez pas non plus de toujours remercier les gens pour les occasions qui vous sont offertes. Une fois, j\u2019ai envoy\u00e9 une carte de remerciement \u00e0 quelqu\u2019un qui avait simplement pass\u00e9 un entretien informel avec moi et cela m\u2019a permis de d\u00e9crocher un emploi. Il est tr\u00e8s important de dire merci et de faire preuve de gratitude envers les personnes qui vous ouvrent des perspectives.  <\/p>\n\n<h3 class=\"wp-block-heading\"><strong>Q : Quelle est la prochaine \u00e9tape pour Jillian Bagan Art Therapy ?<\/strong><\/h3>\n\n<p>A : Je discute avec un grand nombre d\u2019organisations queer et d\u2019organisations \u00e0 but non lucratif et j\u2019essaie de cr\u00e9er des partenariats pour organiser des s\u00e9ances d\u2019art-th\u00e9rapie en groupe. Quelques-unes travaillent d\u00e9j\u00e0 dans ce sens et j\u2019en suis tr\u00e8s enthousiaste.  <\/p>\n\n<p>L\u2019ann\u00e9e derni\u00e8re, j\u2019ai particip\u00e9 \u00e0 plusieurs conf\u00e9rences portant sur le th\u00e8me \u00ab Queer Youth, Families, and Trauma \u00bb (Jeunes, familles et traumatismes queers), et j\u2019esp\u00e8re pouvoir saisir d\u2019autres occasions de faire des pr\u00e9sentations. J\u2019ai investi beaucoup d\u2019efforts dans mes pr\u00e9sentations et c\u2019est un th\u00e8me tr\u00e8s important \u00e0 aborder. <\/p>\n\n<p>Pour ce qui est de l\u2019avenir, ce serait formidable d\u2019\u00eatre de l\u2019autre c\u00f4t\u00e9 du programme de mentorat et de servir de mentore \u00e0 une personne qui d\u00e9bute. J\u2019aimerais beaucoup rendre la pareille une fois que j\u2019aurai acquis plus d\u2019exp\u00e9rience. <\/p>\n<div class=\"wp-block-image\">\n<figure class=\"aligncenter\"><img decoding=\"async\" width=\"1200\" height=\"1600\" src=\"https:\/\/we-bc.ca\/wp-content\/uploads\/2024\/03\/image-1.jpeg\" alt=\"\" class=\"wp-image-73941\"\/ loading=\"lazy\" srcset=\"https:\/\/we-bc.ca\/wp-content\/uploads\/2024\/03\/image-1.jpeg 1200w, https:\/\/we-bc.ca\/wp-content\/uploads\/2024\/03\/image-1-173x230.jpeg 173w, https:\/\/we-bc.ca\/wp-content\/uploads\/2024\/03\/image-1-300x400.jpeg 300w, https:\/\/we-bc.ca\/wp-content\/uploads\/2024\/03\/image-1-768x1024.jpeg 768w, https:\/\/we-bc.ca\/wp-content\/uploads\/2024\/03\/image-1-1152x1536.jpeg 1152w, https:\/\/we-bc.ca\/wp-content\/uploads\/2024\/03\/image-1-600x800.jpeg 600w\" sizes=\"auto, (max-width: 1200px) 100vw, 1200px\" \/><\/figure>\n<\/div>\n<h2 class=\"wp-block-heading\"><strong>O\u00f9 trouver Jillian Bagan Art Therapy ?<\/strong><\/h2>\n\n<p><a href=\"https:\/\/www.jillianbaganarttherapy.com\/\" target=\"_blank\" rel=\"noreferrer noopener\">Site web<\/a><\/p>\n\n<p><a href=\"https:\/\/www.instagram.com\/makeartwithjillian\/\" target=\"_blank\" rel=\"noreferrer noopener\">Instagram<\/a><\/p>\n\n<p><a href=\"https:\/\/www.linkedin.com\/in\/jillianbaganarttherapy\/\" target=\"_blank\" rel=\"noreferrer noopener\">LinkedIn<\/a><\/p>\n","protected":false},"excerpt":{"rendered":"<p>L\u2019amour de Jillian Bagan pour l\u2019art, qui a commenc\u00e9 \u00e0 l\u2019\u00e9cole secondaire comme m\u00e9canisme permettant de faire face aux p\u00e9riodes difficiles, lui a permis de cr\u00e9er un monde qui refl\u00e9tait [&hellip;]<\/p>\n","protected":false},"author":1,"featured_media":73939,"comment_status":"closed","ping_status":"closed","sticky":false,"template":"","format":"standard","meta":{"_acf_changed":false,"footnotes":""},"categories":[1623,1625],"tags":[1258,1385],"location":[1628],"class_list":["post-78804","post","type-post","status-publish","format-standard","has-post-thumbnail","hentry","category-mentees-fr","category-success-stories-fr","tag-femmes-entrepreneurs","tag-vancouver-fr","location-vancouver-fr"],"acf":[],"yoast_head":"<!-- This site is optimized with the Yoast SEO plugin v27.4 - https:\/\/yoast.com\/product\/yoast-seo-wordpress\/ -->\n<title>Jillian Bagan, Jillian Bagan Art Therapy, Vancouver - WeBC<\/title>\n<meta name=\"robots\" content=\"index, follow, max-snippet:-1, max-image-preview:large, max-video-preview:-1\" \/>\n<link rel=\"canonical\" href=\"https:\/\/we-bc.ca\/fr\/jillian-bagan-jillian-bagan-art-therapy-vancouver\/\" \/>\n<meta property=\"og:locale\" content=\"fr_FR\" \/>\n<meta property=\"og:type\" content=\"article\" \/>\n<meta property=\"og:title\" content=\"Jillian Bagan, Jillian Bagan Art Therapy, Vancouver - WeBC\" \/>\n<meta property=\"og:description\" content=\"L\u2019amour de Jillian Bagan pour l\u2019art, qui a commenc\u00e9 \u00e0 l\u2019\u00e9cole secondaire comme m\u00e9canisme permettant de faire face aux p\u00e9riodes difficiles, lui a permis de cr\u00e9er un monde qui refl\u00e9tait [&hellip;]\" \/>\n<meta property=\"og:url\" content=\"https:\/\/we-bc.ca\/fr\/jillian-bagan-jillian-bagan-art-therapy-vancouver\/\" \/>\n<meta property=\"og:site_name\" content=\"WeBC\" \/>\n<meta property=\"article:published_time\" content=\"2024-03-06T23:23:55+00:00\" \/>\n<meta property=\"article:modified_time\" content=\"2024-08-20T18:37:27+00:00\" \/>\n<meta property=\"og:image\" content=\"https:\/\/we-bc.ca\/wp-content\/uploads\/2024\/03\/Dyana-Biagi-1.png\" \/>\n\t<meta property=\"og:image:width\" content=\"1920\" \/>\n\t<meta property=\"og:image:height\" content=\"1080\" \/>\n\t<meta property=\"og:image:type\" content=\"image\/png\" \/>\n<meta name=\"author\" content=\"WeBC\" \/>\n<meta name=\"twitter:card\" content=\"summary_large_image\" \/>\n<meta name=\"twitter:label1\" content=\"\u00c9crit par\" \/>\n\t<meta name=\"twitter:data1\" content=\"WeBC\" \/>\n\t<meta name=\"twitter:label2\" content=\"Dur\u00e9e de lecture estim\u00e9e\" \/>\n\t<meta name=\"twitter:data2\" content=\"6 minutes\" \/>\n<script type=\"application\/ld+json\" class=\"yoast-schema-graph\">{\"@context\":\"https:\\\/\\\/schema.org\",\"@graph\":[{\"@type\":\"Article\",\"@id\":\"https:\\\/\\\/we-bc.ca\\\/fr\\\/jillian-bagan-jillian-bagan-art-therapy-vancouver\\\/#article\",\"isPartOf\":{\"@id\":\"https:\\\/\\\/we-bc.ca\\\/fr\\\/jillian-bagan-jillian-bagan-art-therapy-vancouver\\\/\"},\"author\":{\"name\":\"WeBC\",\"@id\":\"https:\\\/\\\/we-bc.ca\\\/fr\\\/#\\\/schema\\\/person\\\/a39ccc1bd99591784a83e6571a3cee69\"},\"headline\":\"Jillian Bagan, Jillian Bagan Art Therapy, Vancouver\",\"datePublished\":\"2024-03-06T23:23:55+00:00\",\"dateModified\":\"2024-08-20T18:37:27+00:00\",\"mainEntityOfPage\":{\"@id\":\"https:\\\/\\\/we-bc.ca\\\/fr\\\/jillian-bagan-jillian-bagan-art-therapy-vancouver\\\/\"},\"wordCount\":1132,\"image\":{\"@id\":\"https:\\\/\\\/we-bc.ca\\\/fr\\\/jillian-bagan-jillian-bagan-art-therapy-vancouver\\\/#primaryimage\"},\"thumbnailUrl\":\"https:\\\/\\\/we-bc.ca\\\/wp-content\\\/uploads\\\/2024\\\/03\\\/Dyana-Biagi-1.png\",\"keywords\":[\"femmes entrepreneurs\",\"vancouver\"],\"articleSection\":[\"Mentees\",\"Success Stories\"],\"inLanguage\":\"fr-FR\"},{\"@type\":\"WebPage\",\"@id\":\"https:\\\/\\\/we-bc.ca\\\/fr\\\/jillian-bagan-jillian-bagan-art-therapy-vancouver\\\/\",\"url\":\"https:\\\/\\\/we-bc.ca\\\/fr\\\/jillian-bagan-jillian-bagan-art-therapy-vancouver\\\/\",\"name\":\"Jillian Bagan, Jillian Bagan Art Therapy, Vancouver - WeBC\",\"isPartOf\":{\"@id\":\"https:\\\/\\\/we-bc.ca\\\/fr\\\/#website\"},\"primaryImageOfPage\":{\"@id\":\"https:\\\/\\\/we-bc.ca\\\/fr\\\/jillian-bagan-jillian-bagan-art-therapy-vancouver\\\/#primaryimage\"},\"image\":{\"@id\":\"https:\\\/\\\/we-bc.ca\\\/fr\\\/jillian-bagan-jillian-bagan-art-therapy-vancouver\\\/#primaryimage\"},\"thumbnailUrl\":\"https:\\\/\\\/we-bc.ca\\\/wp-content\\\/uploads\\\/2024\\\/03\\\/Dyana-Biagi-1.png\",\"datePublished\":\"2024-03-06T23:23:55+00:00\",\"dateModified\":\"2024-08-20T18:37:27+00:00\",\"author\":{\"@id\":\"https:\\\/\\\/we-bc.ca\\\/fr\\\/#\\\/schema\\\/person\\\/a39ccc1bd99591784a83e6571a3cee69\"},\"breadcrumb\":{\"@id\":\"https:\\\/\\\/we-bc.ca\\\/fr\\\/jillian-bagan-jillian-bagan-art-therapy-vancouver\\\/#breadcrumb\"},\"inLanguage\":\"fr-FR\",\"potentialAction\":[{\"@type\":\"ReadAction\",\"target\":[\"https:\\\/\\\/we-bc.ca\\\/fr\\\/jillian-bagan-jillian-bagan-art-therapy-vancouver\\\/\"]}]},{\"@type\":\"ImageObject\",\"inLanguage\":\"fr-FR\",\"@id\":\"https:\\\/\\\/we-bc.ca\\\/fr\\\/jillian-bagan-jillian-bagan-art-therapy-vancouver\\\/#primaryimage\",\"url\":\"https:\\\/\\\/we-bc.ca\\\/wp-content\\\/uploads\\\/2024\\\/03\\\/Dyana-Biagi-1.png\",\"contentUrl\":\"https:\\\/\\\/we-bc.ca\\\/wp-content\\\/uploads\\\/2024\\\/03\\\/Dyana-Biagi-1.png\",\"width\":1920,\"height\":1080,\"caption\":\"Jillian Bagan\"},{\"@type\":\"BreadcrumbList\",\"@id\":\"https:\\\/\\\/we-bc.ca\\\/fr\\\/jillian-bagan-jillian-bagan-art-therapy-vancouver\\\/#breadcrumb\",\"itemListElement\":[{\"@type\":\"ListItem\",\"position\":1,\"name\":\"Home\",\"item\":\"https:\\\/\\\/we-bc.ca\\\/fr\\\/\"},{\"@type\":\"ListItem\",\"position\":2,\"name\":\"Jillian Bagan, Jillian Bagan Art Therapy, Vancouver\"}]},{\"@type\":\"WebSite\",\"@id\":\"https:\\\/\\\/we-bc.ca\\\/fr\\\/#website\",\"url\":\"https:\\\/\\\/we-bc.ca\\\/fr\\\/\",\"name\":\"WeBC\",\"description\":\"Supporting Women Entrepreneurs in BC\",\"potentialAction\":[{\"@type\":\"SearchAction\",\"target\":{\"@type\":\"EntryPoint\",\"urlTemplate\":\"https:\\\/\\\/we-bc.ca\\\/fr\\\/?s={search_term_string}\"},\"query-input\":{\"@type\":\"PropertyValueSpecification\",\"valueRequired\":true,\"valueName\":\"search_term_string\"}}],\"inLanguage\":\"fr-FR\"},{\"@type\":\"Person\",\"@id\":\"https:\\\/\\\/we-bc.ca\\\/fr\\\/#\\\/schema\\\/person\\\/a39ccc1bd99591784a83e6571a3cee69\",\"name\":\"WeBC\",\"image\":{\"@type\":\"ImageObject\",\"inLanguage\":\"fr-FR\",\"@id\":\"https:\\\/\\\/we-bc.ca\\\/wp-content\\\/uploads\\\/2021\\\/11\\\/logo-main-96x96.png\",\"url\":\"https:\\\/\\\/we-bc.ca\\\/wp-content\\\/uploads\\\/2021\\\/11\\\/logo-main-96x96.png\",\"contentUrl\":\"https:\\\/\\\/we-bc.ca\\\/wp-content\\\/uploads\\\/2021\\\/11\\\/logo-main-96x96.png\",\"caption\":\"WeBC\"},\"description\":\"WeBC is a not-for-profit that has been supporting women business owners across the province for over 25 years. Working with our regional partners, we\u2019ve provided thousands of entrepreneurs with business loans and expertise, training, resources, and peer network support to help businesses grow and thrive.\",\"sameAs\":[\"https:\\\/\\\/we-bc.ca\"],\"url\":\"https:\\\/\\\/we-bc.ca\\\/fr\\\/author\\\/webc_admin\\\/\"}]}<\/script>\n<!-- \/ Yoast SEO plugin. -->","yoast_head_json":{"title":"Jillian Bagan, Jillian Bagan Art Therapy, Vancouver - WeBC","robots":{"index":"index","follow":"follow","max-snippet":"max-snippet:-1","max-image-preview":"max-image-preview:large","max-video-preview":"max-video-preview:-1"},"canonical":"https:\/\/we-bc.ca\/fr\/jillian-bagan-jillian-bagan-art-therapy-vancouver\/","og_locale":"fr_FR","og_type":"article","og_title":"Jillian Bagan, Jillian Bagan Art Therapy, Vancouver - WeBC","og_description":"L\u2019amour de Jillian Bagan pour l\u2019art, qui a commenc\u00e9 \u00e0 l\u2019\u00e9cole secondaire comme m\u00e9canisme permettant de faire face aux p\u00e9riodes difficiles, lui a permis de cr\u00e9er un monde qui refl\u00e9tait [&hellip;]","og_url":"https:\/\/we-bc.ca\/fr\/jillian-bagan-jillian-bagan-art-therapy-vancouver\/","og_site_name":"WeBC","article_published_time":"2024-03-06T23:23:55+00:00","article_modified_time":"2024-08-20T18:37:27+00:00","og_image":[{"width":1920,"height":1080,"url":"https:\/\/we-bc.ca\/wp-content\/uploads\/2024\/03\/Dyana-Biagi-1.png","type":"image\/png"}],"author":"WeBC","twitter_card":"summary_large_image","twitter_misc":{"\u00c9crit par":"WeBC","Dur\u00e9e de lecture estim\u00e9e":"6 minutes"},"schema":{"@context":"https:\/\/schema.org","@graph":[{"@type":"Article","@id":"https:\/\/we-bc.ca\/fr\/jillian-bagan-jillian-bagan-art-therapy-vancouver\/#article","isPartOf":{"@id":"https:\/\/we-bc.ca\/fr\/jillian-bagan-jillian-bagan-art-therapy-vancouver\/"},"author":{"name":"WeBC","@id":"https:\/\/we-bc.ca\/fr\/#\/schema\/person\/a39ccc1bd99591784a83e6571a3cee69"},"headline":"Jillian Bagan, Jillian Bagan Art Therapy, Vancouver","datePublished":"2024-03-06T23:23:55+00:00","dateModified":"2024-08-20T18:37:27+00:00","mainEntityOfPage":{"@id":"https:\/\/we-bc.ca\/fr\/jillian-bagan-jillian-bagan-art-therapy-vancouver\/"},"wordCount":1132,"image":{"@id":"https:\/\/we-bc.ca\/fr\/jillian-bagan-jillian-bagan-art-therapy-vancouver\/#primaryimage"},"thumbnailUrl":"https:\/\/we-bc.ca\/wp-content\/uploads\/2024\/03\/Dyana-Biagi-1.png","keywords":["femmes entrepreneurs","vancouver"],"articleSection":["Mentees","Success Stories"],"inLanguage":"fr-FR"},{"@type":"WebPage","@id":"https:\/\/we-bc.ca\/fr\/jillian-bagan-jillian-bagan-art-therapy-vancouver\/","url":"https:\/\/we-bc.ca\/fr\/jillian-bagan-jillian-bagan-art-therapy-vancouver\/","name":"Jillian Bagan, Jillian Bagan Art Therapy, Vancouver - WeBC","isPartOf":{"@id":"https:\/\/we-bc.ca\/fr\/#website"},"primaryImageOfPage":{"@id":"https:\/\/we-bc.ca\/fr\/jillian-bagan-jillian-bagan-art-therapy-vancouver\/#primaryimage"},"image":{"@id":"https:\/\/we-bc.ca\/fr\/jillian-bagan-jillian-bagan-art-therapy-vancouver\/#primaryimage"},"thumbnailUrl":"https:\/\/we-bc.ca\/wp-content\/uploads\/2024\/03\/Dyana-Biagi-1.png","datePublished":"2024-03-06T23:23:55+00:00","dateModified":"2024-08-20T18:37:27+00:00","author":{"@id":"https:\/\/we-bc.ca\/fr\/#\/schema\/person\/a39ccc1bd99591784a83e6571a3cee69"},"breadcrumb":{"@id":"https:\/\/we-bc.ca\/fr\/jillian-bagan-jillian-bagan-art-therapy-vancouver\/#breadcrumb"},"inLanguage":"fr-FR","potentialAction":[{"@type":"ReadAction","target":["https:\/\/we-bc.ca\/fr\/jillian-bagan-jillian-bagan-art-therapy-vancouver\/"]}]},{"@type":"ImageObject","inLanguage":"fr-FR","@id":"https:\/\/we-bc.ca\/fr\/jillian-bagan-jillian-bagan-art-therapy-vancouver\/#primaryimage","url":"https:\/\/we-bc.ca\/wp-content\/uploads\/2024\/03\/Dyana-Biagi-1.png","contentUrl":"https:\/\/we-bc.ca\/wp-content\/uploads\/2024\/03\/Dyana-Biagi-1.png","width":1920,"height":1080,"caption":"Jillian Bagan"},{"@type":"BreadcrumbList","@id":"https:\/\/we-bc.ca\/fr\/jillian-bagan-jillian-bagan-art-therapy-vancouver\/#breadcrumb","itemListElement":[{"@type":"ListItem","position":1,"name":"Home","item":"https:\/\/we-bc.ca\/fr\/"},{"@type":"ListItem","position":2,"name":"Jillian Bagan, Jillian Bagan Art Therapy, Vancouver"}]},{"@type":"WebSite","@id":"https:\/\/we-bc.ca\/fr\/#website","url":"https:\/\/we-bc.ca\/fr\/","name":"WeBC","description":"Supporting Women Entrepreneurs in BC","potentialAction":[{"@type":"SearchAction","target":{"@type":"EntryPoint","urlTemplate":"https:\/\/we-bc.ca\/fr\/?s={search_term_string}"},"query-input":{"@type":"PropertyValueSpecification","valueRequired":true,"valueName":"search_term_string"}}],"inLanguage":"fr-FR"},{"@type":"Person","@id":"https:\/\/we-bc.ca\/fr\/#\/schema\/person\/a39ccc1bd99591784a83e6571a3cee69","name":"WeBC","image":{"@type":"ImageObject","inLanguage":"fr-FR","@id":"https:\/\/we-bc.ca\/wp-content\/uploads\/2021\/11\/logo-main-96x96.png","url":"https:\/\/we-bc.ca\/wp-content\/uploads\/2021\/11\/logo-main-96x96.png","contentUrl":"https:\/\/we-bc.ca\/wp-content\/uploads\/2021\/11\/logo-main-96x96.png","caption":"WeBC"},"description":"WeBC is a not-for-profit that has been supporting women business owners across the province for over 25 years. Working with our regional partners, we\u2019ve provided thousands of entrepreneurs with business loans and expertise, training, resources, and peer network support to help businesses grow and thrive.","sameAs":["https:\/\/we-bc.ca"],"url":"https:\/\/we-bc.ca\/fr\/author\/webc_admin\/"}]}},"_links":{"self":[{"href":"https:\/\/we-bc.ca\/fr\/wp-json\/wp\/v2\/posts\/78804","targetHints":{"allow":["GET"]}}],"collection":[{"href":"https:\/\/we-bc.ca\/fr\/wp-json\/wp\/v2\/posts"}],"about":[{"href":"https:\/\/we-bc.ca\/fr\/wp-json\/wp\/v2\/types\/post"}],"author":[{"embeddable":true,"href":"https:\/\/we-bc.ca\/fr\/wp-json\/wp\/v2\/users\/1"}],"replies":[{"embeddable":true,"href":"https:\/\/we-bc.ca\/fr\/wp-json\/wp\/v2\/comments?post=78804"}],"version-history":[{"count":0,"href":"https:\/\/we-bc.ca\/fr\/wp-json\/wp\/v2\/posts\/78804\/revisions"}],"wp:featuredmedia":[{"embeddable":true,"href":"https:\/\/we-bc.ca\/fr\/wp-json\/wp\/v2\/media\/73939"}],"wp:attachment":[{"href":"https:\/\/we-bc.ca\/fr\/wp-json\/wp\/v2\/media?parent=78804"}],"wp:term":[{"taxonomy":"category","embeddable":true,"href":"https:\/\/we-bc.ca\/fr\/wp-json\/wp\/v2\/categories?post=78804"},{"taxonomy":"post_tag","embeddable":true,"href":"https:\/\/we-bc.ca\/fr\/wp-json\/wp\/v2\/tags?post=78804"},{"taxonomy":"location","embeddable":true,"href":"https:\/\/we-bc.ca\/fr\/wp-json\/wp\/v2\/location?post=78804"}],"curies":[{"name":"wp","href":"https:\/\/api.w.org\/{rel}","templated":true}]}}